{"id":271,"date":"2020-07-20T17:33:18","date_gmt":"2020-07-20T20:33:18","guid":{"rendered":"https:\/\/espacoamazonico2.websiteseguro.com\/?p=271"},"modified":"2021-04-21T23:02:14","modified_gmt":"2021-04-22T02:02:14","slug":"monte-castelo","status":"publish","type":"post","link":"https:\/\/www.espacoamazonico.com.br\/?p=271","title":{"rendered":"MONTE CASTELO"},"content":{"rendered":"\n<p class=\"has-black-color has-text-color\">A declara\u00e7\u00e3o de guerra aos pa\u00edses do Eixo, foi um gigantesco passo que o nosso pa\u00eds deu, pois sa\u00eda de mais de sete d\u00e9cadas de paz, para entrar no teatro de opera\u00e7\u00f5es de uma Guerra Mundial.<\/p>\n\n\n\n<p class=\"has-black-color has-text-color\">Em verdade, o Brasil jamais esperava&nbsp; &nbsp;participar desse desafio, por sua natureza pac\u00edfica e por n\u00e3o dispor de recursos suficientes para desenvolver uma estrutura b\u00e9lica de grandes propor\u00e7\u00f5es. Mas a na\u00e7\u00e3o fora ferida em sua honra, e teria que reagir; n\u00e3o poderia se omitir, quando dezenas de navios mercantes seus foram afundados, com perda de vidas preciosas; enfrentar o desafio era preciso e, a\u00ed, ocorreu a famosa Declara\u00e7\u00e3o de Guerra de Get\u00falio Vargas aos pa\u00edses do Eixo (Alemanha, It\u00e1lia e Jap\u00e3o).<\/p>\n\n\n\n<p class=\"has-black-color has-text-color\">Os nossos queridos pracinhas mostraram o valor do soldado brasileiro lutando, denodadamente, nos campos in\u00f3spitos da It\u00e1lia em defesa dos nossos brios ultrajados, e da democracia no mundo, marcando, com letras de ouro, a nossa presen\u00e7a na Segunda Guerra Mundial.<\/p>\n\n\n\n<p class=\"has-black-color has-text-color\">Um dos feitos mais her\u00f3icos foi, sem d\u00favida alguma, a tomada de Monte Castelo, no dia 21 de fevereiro de 1945, cidadela at\u00e9 ent\u00e3o tida como inexpugn\u00e1vel. Ali estava uma aguerrida resist\u00eancia inimiga, que foi vencida pelo valor e pela coragem do soldado brasileiro.<\/p>\n\n\n\n<p class=\"has-black-color has-text-color\">No dia 21 de fevereiro, portanto, comemoramos a Vit\u00f3ria de Monte Castelo, prestando culto aos nossos her\u00f3is. Eles s\u00e3o os esp\u00edritos de luz, que iluminam as estradas do nosso presente e do nosso futuro!<\/p>\n","protected":false},"excerpt":{"rendered":"<p>A declara\u00e7\u00e3o de guerra aos pa\u00edses do Eixo, foi um gigantesco passo que o nosso pa\u00eds deu, pois sa\u00eda de mais de sete d\u00e9cadas de paz, para entrar no teatro de opera\u00e7\u00f5es de uma Guerra Mundial. Em verdade, o Brasil jamais esperava&nbsp; &nbsp;participar desse desafio, por sua natureza pac\u00edfica e por n\u00e3o dispor de recursos &hellip; <\/p>\n<p class=\"link-more\"><a href=\"https:\/\/www.espacoamazonico.com.br\/?p=271\" class=\"more-link\">Continue lendo<span class=\"screen-reader-text\"> &#8220;MONTE CASTELO&#8221;<\/span><\/a><\/p>\n","protected":false},"author":2,"featured_media":0,"comment_status":"closed","ping_status":"closed","sticky":false,"template":"","format":"standard","meta":[],"categories":[1],"tags":[],"jetpack_sharing_enabled":true,"jetpack_featured_media_url":"","_links":{"self":[{"href":"https:\/\/www.espacoamazonico.com.br\/index.php?rest_route=\/wp\/v2\/posts\/271"}],"collection":[{"href":"https:\/\/www.espacoamazonico.com.br\/index.php?rest_route=\/wp\/v2\/posts"}],"about":[{"href":"https:\/\/www.espacoamazonico.com.br\/index.php?rest_route=\/wp\/v2\/types\/post"}],"author":[{"embeddable":true,"href":"https:\/\/www.espacoamazonico.com.br\/index.php?rest_route=\/wp\/v2\/users\/2"}],"replies":[{"embeddable":true,"href":"https:\/\/www.espacoamazonico.com.br\/index.php?rest_route=%2Fwp%2Fv2%2Fcomments&post=271"}],"version-history":[{"count":2,"href":"https:\/\/www.espacoamazonico.com.br\/index.php?rest_route=\/wp\/v2\/posts\/271\/revisions"}],"predecessor-version":[{"id":1581,"href":"https:\/\/www.espacoamazonico.com.br\/index.php?rest_route=\/wp\/v2\/posts\/271\/revisions\/1581"}],"wp:attachment":[{"href":"https:\/\/www.espacoamazonico.com.br\/index.php?rest_route=%2Fwp%2Fv2%2Fmedia&parent=271"}],"wp:term":[{"taxonomy":"category","embeddable":true,"href":"https:\/\/www.espacoamazonico.com.br\/index.php?rest_route=%2Fwp%2Fv2%2Fcategories&post=271"},{"taxonomy":"post_tag","embeddable":true,"href":"https:\/\/www.espacoamazonico.com.br\/index.php?rest_route=%2Fwp%2Fv2%2Ftags&post=271"}],"curies":[{"name":"wp","href":"https:\/\/api.w.org\/{rel}","templated":true}]}}