{"id":278,"date":"2020-07-21T23:09:24","date_gmt":"2020-07-22T02:09:24","guid":{"rendered":"https:\/\/espacoamazonico2.websiteseguro.com\/?p=278"},"modified":"2021-04-21T22:58:41","modified_gmt":"2021-04-22T01:58:41","slug":"a-poluicao-causada-pelas-hidreletricas","status":"publish","type":"post","link":"https:\/\/www.espacoamazonico.com.br\/?p=278","title":{"rendered":"A POLUI\u00c7\u00c3O CAUSADA PELAS HIDREL\u00c9TRICAS"},"content":{"rendered":"\n<p class=\"has-black-color has-pale-cyan-blue-background-color has-text-color has-background\">O Instituto Nacional de Pesquisas da Amaz\u00f4nia foi criado para realizar o levantamento cient\u00edfico das riquezas da regi\u00e3o visando o seu aproveitamento racional, sem agredir o meio ambiente.<\/p>\n\n\n\n<p class=\"has-black-color has-pale-cyan-blue-background-color has-text-color has-background\">Como amaz\u00f4nida, sempre me preocupei com o fato de que os estudos n\u00e3o eram divulgados, para serem postos em pr\u00e1tica. N\u00e3o adianta a elabora\u00e7\u00e3o de magn\u00edficas teses de mestrado ou doutorado, ficando os trabalhos empilhando as prateleiras das estantes ou, apenas, tendo a sua divulga\u00e7\u00e3o em revistas especializadas.<\/p>\n\n\n\n<p class=\"has-black-color has-pale-cyan-blue-background-color has-text-color has-background\">O que se quer \u00e9 o aproveitamento dos estudos, cientificamente comprovados, para ajudar no desenvolvimento da regi\u00e3o, posto se alega muito que isto ou aquilo n\u00e3o pode ser feito, por falta de uma defini\u00e7\u00e3o de car\u00e1ter cient\u00edfico.<\/p>\n\n\n\n<p class=\"has-black-color has-pale-cyan-blue-background-color has-text-color has-background\">H\u00e1 muito, li e reli, um livro de autoria de um amigo, por sinal cirurgi\u00e3o dentista, estudioso da Amaz\u00f4nia, sobre as chamadas &#8220;plantas feiticeiras&#8221;, isto \u00e9, plantas ou ervas que curam todo tipo de doen\u00e7as, conhecidas pelo homem da regi\u00e3o como milagrosas, mas que n\u00e3o t\u00eam tido uma confirma\u00e7\u00e3o ou um desmentido de car\u00e1ter cient\u00edfico.<\/p>\n\n\n\n<p class=\"has-black-color has-pale-cyan-blue-background-color has-text-color has-background\">Lembro-me bem, quando crian\u00e7a, que a andiroba e a copa\u00edba faziam verdadeiros milagres. A saudosa Amelinha, uma senhora bondosa que tomava conta da casa de meus pais (uma esp\u00e9cie de governanta), n\u00e3o deixava nunca de ter \u00e0s m\u00e3os recipientes com copa\u00edba e andiroba. Qualquer inflama\u00e7\u00e3o,&nbsp; era &#8220;tiro e queda&#8221;. Acerca dos efeitos medicinais desses \u00f3leos, n\u00e3o h\u00e1 a menor d\u00favida.<\/p>\n\n\n\n<p class=\"has-black-color has-pale-cyan-blue-background-color has-text-color has-background\">Mas, vamos falar sobre o meio ambiente. Cabe ao INPA estudar cientificamente todo impacto ambiental na regi\u00e3o, a fim de que sejam tomadas medidas ecologicamente corretas. Pois bem, o Instituto veio a p\u00fablico, faz j\u00e1 algum tempo, falar sobre o impacto das hidrel\u00e9tricas no meio ambiente.<\/p>\n\n\n\n<p class=\"has-black-color has-pale-cyan-blue-background-color has-text-color has-background\">Estudos realizados,&nbsp; comprovaram que as hidrel\u00e9tricas poluem mais que as termoel\u00e9tricas. A \u00e1gua represada \u00e9 rica em g\u00e1s metano proveniente&nbsp; da floresta inundada e apodrecida. Ao passar pelas turbinas se transforma em g\u00e1s carb\u00f4nico. Isto \u00e9 grave, s\u00f3 perdendo em intensidade para as queimadas.<\/p>\n\n\n\n<p class=\"has-black-color has-pale-cyan-blue-background-color has-text-color has-background\">Assim sendo, os estudos p\u00f5em por terra a id\u00e9ia de que as hidrel\u00e9tricas seriam um procedimento ecologicamente correto. A usina de Balbina, no Amazonas, acabou com a vida, por alguns quil\u00f4metros, do rio Uatum\u00e3.<\/p>\n\n\n\n<p class=\"has-black-color has-pale-cyan-blue-background-color has-text-color has-background\">Aplausos para o Instituto Nacional de Pesquisas da Amaz\u00f4nia, pela divulga\u00e7\u00e3o dos estudos realizados, os quais poder\u00e3o evitar novos estragos com a inunda\u00e7\u00e3o de florestas.<\/p>\n\n\n\n<p class=\"has-black-color has-pale-cyan-blue-background-color has-text-color has-background\">Mas, o que j\u00e1 foi feito, n\u00e3o tem mais solu\u00e7\u00e3o!<\/p>\n","protected":false},"excerpt":{"rendered":"<p>O Instituto Nacional de Pesquisas da Amaz\u00f4nia foi criado para realizar o levantamento cient\u00edfico das riquezas da regi\u00e3o visando o seu aproveitamento racional, sem agredir o meio ambiente. Como amaz\u00f4nida, sempre me preocupei com o fato de que os estudos n\u00e3o eram divulgados, para serem postos em pr\u00e1tica. N\u00e3o adianta a elabora\u00e7\u00e3o de magn\u00edficas teses &hellip; <\/p>\n<p class=\"link-more\"><a href=\"https:\/\/www.espacoamazonico.com.br\/?p=278\" class=\"more-link\">Continue lendo<span class=\"screen-reader-text\"> &#8220;A POLUI\u00c7\u00c3O CAUSADA PELAS HIDREL\u00c9TRICAS&#8221;<\/span><\/a><\/p>\n","protected":false},"author":2,"featured_media":0,"comment_status":"closed","ping_status":"closed","sticky":false,"template":"","format":"standard","meta":[],"categories":[1],"tags":[],"jetpack_sharing_enabled":true,"jetpack_featured_media_url":"","_links":{"self":[{"href":"https:\/\/www.espacoamazonico.com.br\/index.php?rest_route=\/wp\/v2\/posts\/278"}],"collection":[{"href":"https:\/\/www.espacoamazonico.com.br\/index.php?rest_route=\/wp\/v2\/posts"}],"about":[{"href":"https:\/\/www.espacoamazonico.com.br\/index.php?rest_route=\/wp\/v2\/types\/post"}],"author":[{"embeddable":true,"href":"https:\/\/www.espacoamazonico.com.br\/index.php?rest_route=\/wp\/v2\/users\/2"}],"replies":[{"embeddable":true,"href":"https:\/\/www.espacoamazonico.com.br\/index.php?rest_route=%2Fwp%2Fv2%2Fcomments&post=278"}],"version-history":[{"count":2,"href":"https:\/\/www.espacoamazonico.com.br\/index.php?rest_route=\/wp\/v2\/posts\/278\/revisions"}],"predecessor-version":[{"id":1579,"href":"https:\/\/www.espacoamazonico.com.br\/index.php?rest_route=\/wp\/v2\/posts\/278\/revisions\/1579"}],"wp:attachment":[{"href":"https:\/\/www.espacoamazonico.com.br\/index.php?rest_route=%2Fwp%2Fv2%2Fmedia&parent=278"}],"wp:term":[{"taxonomy":"category","embeddable":true,"href":"https:\/\/www.espacoamazonico.com.br\/index.php?rest_route=%2Fwp%2Fv2%2Fcategories&post=278"},{"taxonomy":"post_tag","embeddable":true,"href":"https:\/\/www.espacoamazonico.com.br\/index.php?rest_route=%2Fwp%2Fv2%2Ftags&post=278"}],"curies":[{"name":"wp","href":"https:\/\/api.w.org\/{rel}","templated":true}]}}