{"id":877,"date":"2020-09-17T19:05:06","date_gmt":"2020-09-17T22:05:06","guid":{"rendered":"https:\/\/www.espacoamazonico.com.br\/?p=877"},"modified":"2020-09-17T19:05:06","modified_gmt":"2020-09-17T22:05:06","slug":"o-recado-amazonico","status":"publish","type":"post","link":"https:\/\/www.espacoamazonico.com.br\/?p=877","title":{"rendered":"O RECADO AMAZ\u00d4NICO"},"content":{"rendered":"\n<p>O ex-senador Evandro Carreira sempre foi um dos grandes defensores da Amaz\u00f4nia.&nbsp;&nbsp;&nbsp;<\/p>\n\n\n\n<p>Evandro levou para a C\u00e2mara Alta o chamado \u201cRecado Amaz\u00f4nico\u201d, que foi a melhor forma de desenvolver teses de interesse da regi\u00e3o, de maneira simples e objetiva.<\/p>\n\n\n\n<p>&nbsp;&nbsp;Como sempre acontece com as pessoas inteligentes, Evandro encontrou grandes dificuldades pela frente, principalmente por parte dos be\u00f3cios que, por inveja, costumam detratar, de maneira cavilosa, quem se destaca pela for\u00e7a da intelig\u00eancia e do saber.<\/p>\n\n\n\n<p>&nbsp;&nbsp;Mas, Evandro, sempre foi um obstinado. Lutou por suas ideias que seriam de grande proveito para a Amaz\u00f4nia, se postas em pr\u00e1tica.&nbsp; Sempre insistiu na tese de que a regi\u00e3o tem voca\u00e7\u00e3o aqu\u00e1tica, sendo esta uma verdade incontest\u00e1vel.<\/p>\n\n\n\n<p>Pregava Evandro a preserva\u00e7\u00e3o da riqueza piscosa na Amaz\u00f4nia, com o estabelecimento de fazendas aqu\u00e1ticas, para abastecer o mundo de prote\u00ednas, e lutava pelo aprimoramento do transporte fluvial, a fim de interligar, com mais seguran\u00e7a e presteza, a imensid\u00e3o amaz\u00f4nica.<\/p>\n\n\n\n<p>Evandro sempre foi um apaixonado pela natureza vendo, tamb\u00e9m, no manancial de \u00e1gua doce, uma fonte de riqueza incalcul\u00e1vel, visto que a \u00e1gua \u00e9 um bem extremamente valioso para o mundo.&nbsp; Evandro tinha toda raz\u00e3o: j\u00e1 foi at\u00e9 criada uma entidade para cuidar do controle da utiliza\u00e7\u00e3o da \u00e1gua em nosso pa\u00eds. E onde se encontram os maiores mananciais do mundo? Na Amaz\u00f4nia, evidentemente.<\/p>\n\n\n\n<p>Evandro sempre se mostrou grato ao trabalho que desenvolvi na empresa jornal\u00edstica na qual eu trabalhava, em favor de sua candidatura ao Senado Federal, campanha plenamente vitoriosa e que lhe garantiu assento na C\u00e2mara Alta do Pa\u00eds.<\/p>\n\n\n\n<p> Ao Evandro, que foi meu colega na Faculdade de Direito do Amazonas, aquele <strong>abra\u00e7o amaz\u00f4nico<\/strong>.<\/p>\n","protected":false},"excerpt":{"rendered":"<p>O ex-senador Evandro Carreira sempre foi um dos grandes defensores da Amaz\u00f4nia.&nbsp;&nbsp;&nbsp; Evandro levou para a C\u00e2mara Alta o chamado \u201cRecado Amaz\u00f4nico\u201d, que foi a melhor forma de desenvolver teses de interesse da regi\u00e3o, de maneira simples e objetiva. &nbsp;&nbsp;Como sempre acontece com as pessoas inteligentes, Evandro encontrou grandes dificuldades pela frente, principalmente por parte &hellip; <\/p>\n<p class=\"link-more\"><a href=\"https:\/\/www.espacoamazonico.com.br\/?p=877\" class=\"more-link\">Continue lendo<span class=\"screen-reader-text\"> &#8220;O RECADO AMAZ\u00d4NICO&#8221;<\/span><\/a><\/p>\n","protected":false},"author":2,"featured_media":0,"comment_status":"closed","ping_status":"closed","sticky":false,"template":"","format":"standard","meta":[],"categories":[1],"tags":[],"jetpack_sharing_enabled":true,"jetpack_featured_media_url":"","_links":{"self":[{"href":"https:\/\/www.espacoamazonico.com.br\/index.php?rest_route=\/wp\/v2\/posts\/877"}],"collection":[{"href":"https:\/\/www.espacoamazonico.com.br\/index.php?rest_route=\/wp\/v2\/posts"}],"about":[{"href":"https:\/\/www.espacoamazonico.com.br\/index.php?rest_route=\/wp\/v2\/types\/post"}],"author":[{"embeddable":true,"href":"https:\/\/www.espacoamazonico.com.br\/index.php?rest_route=\/wp\/v2\/users\/2"}],"replies":[{"embeddable":true,"href":"https:\/\/www.espacoamazonico.com.br\/index.php?rest_route=%2Fwp%2Fv2%2Fcomments&post=877"}],"version-history":[{"count":3,"href":"https:\/\/www.espacoamazonico.com.br\/index.php?rest_route=\/wp\/v2\/posts\/877\/revisions"}],"predecessor-version":[{"id":881,"href":"https:\/\/www.espacoamazonico.com.br\/index.php?rest_route=\/wp\/v2\/posts\/877\/revisions\/881"}],"wp:attachment":[{"href":"https:\/\/www.espacoamazonico.com.br\/index.php?rest_route=%2Fwp%2Fv2%2Fmedia&parent=877"}],"wp:term":[{"taxonomy":"category","embeddable":true,"href":"https:\/\/www.espacoamazonico.com.br\/index.php?rest_route=%2Fwp%2Fv2%2Fcategories&post=877"},{"taxonomy":"post_tag","embeddable":true,"href":"https:\/\/www.espacoamazonico.com.br\/index.php?rest_route=%2Fwp%2Fv2%2Ftags&post=877"}],"curies":[{"name":"wp","href":"https:\/\/api.w.org\/{rel}","templated":true}]}}