{"id":887,"date":"2020-09-18T18:34:03","date_gmt":"2020-09-18T21:34:03","guid":{"rendered":"https:\/\/www.espacoamazonico.com.br\/?p=887"},"modified":"2020-09-20T19:11:06","modified_gmt":"2020-09-20T22:11:06","slug":"campos-do-jordao","status":"publish","type":"post","link":"https:\/\/www.espacoamazonico.com.br\/?p=887","title":{"rendered":"CAMPOS DO JORD\u00c3O"},"content":{"rendered":"\n<p class=\"has-text-align-right\">                                                                                           <strong>Branca Amande Cavalcante<\/strong><\/p>\n\n\n\n<p><strong>J\u00e1 conhecia Campos do Jord\u00e3o, com toda a sua beleza e encantamento. O casario, a exuber\u00e2ncia do verde, e, principalmente, a educa\u00e7\u00e3o do seu povo.<\/strong><\/p>\n\n\n\n<p><strong>Estive com minha fam\u00edlia, h\u00e1 tr\u00eas anos, por ocasi\u00e3o do Natal, na Pousada Saha, muito bonita e atraente, com funcion\u00e1rios atenciosos e sempre prontos a ajudar os h\u00f3spedes. &nbsp;<\/strong><\/p>\n\n\n\n<p><strong>Campos do Jord\u00e3o \u00e9 muito agrad\u00e1vel: com o seu clima ador\u00e1vel, com o verde revestindo os muros da cidade, com a beleza da vegeta\u00e7\u00e3o e da passarada, e, como n\u00e3o poderia deixar de ser, com a not\u00e1vel educa\u00e7\u00e3o do seu povo.<\/strong><\/p>\n\n\n\n<p><strong>A cidade n\u00e3o possui sem\u00e1foros, existindo apenas faixas de pedestres que s\u00e3o totalmente respeitadas quando as pessoas nelas pisam, numa demonstra\u00e7\u00e3o de grande educa\u00e7\u00e3o no tr\u00e2nsito, o que devia servir de exemplo para todo o pa\u00eds, principalmente para o Rio de Janeiro, onde o tr\u00e2nsito \u00e9 verdadeiramente ca\u00f3tico.<\/strong><\/p>\n\n\n\n<p><strong>A qualidade de vida em Campos do Jord\u00e3o \u00e9 excelente! As pessoas, nas lojas, nos restaurantes, s\u00e3o receptivas, cumprimentam, atendem educadamente, sem subservi\u00eancia.<\/strong><\/p>\n\n\n\n<p><strong>Agradecimentos sinceros aos funcion\u00e1rios da Pousada Saha, pessoas maravilhosas que conhecemos.<\/strong><\/p>\n\n\n\n<p><strong>Parab\u00e9ns ao povo de Campos do Jord\u00e3o pela beleza da cidade, limpa, bonita, e pela educa\u00e7\u00e3o esmerada de seu povo.<\/strong><\/p>\n\n\n\n<p><strong>.<\/strong><\/p>\n","protected":false},"excerpt":{"rendered":"<p>Branca Amande Cavalcante J\u00e1 conhecia Campos do Jord\u00e3o, com toda a sua beleza e encantamento. O casario, a exuber\u00e2ncia do verde, e, principalmente, a educa\u00e7\u00e3o do seu povo. Estive com minha fam\u00edlia, h\u00e1 tr\u00eas anos, por ocasi\u00e3o do Natal, na Pousada Saha, muito bonita e atraente, com funcion\u00e1rios atenciosos e sempre prontos a ajudar os &hellip; <\/p>\n<p class=\"link-more\"><a href=\"https:\/\/www.espacoamazonico.com.br\/?p=887\" class=\"more-link\">Continue lendo<span class=\"screen-reader-text\"> &#8220;CAMPOS DO JORD\u00c3O&#8221;<\/span><\/a><\/p>\n","protected":false},"author":2,"featured_media":0,"comment_status":"closed","ping_status":"closed","sticky":false,"template":"","format":"standard","meta":[],"categories":[1],"tags":[],"jetpack_sharing_enabled":true,"jetpack_featured_media_url":"","_links":{"self":[{"href":"https:\/\/www.espacoamazonico.com.br\/index.php?rest_route=\/wp\/v2\/posts\/887"}],"collection":[{"href":"https:\/\/www.espacoamazonico.com.br\/index.php?rest_route=\/wp\/v2\/posts"}],"about":[{"href":"https:\/\/www.espacoamazonico.com.br\/index.php?rest_route=\/wp\/v2\/types\/post"}],"author":[{"embeddable":true,"href":"https:\/\/www.espacoamazonico.com.br\/index.php?rest_route=\/wp\/v2\/users\/2"}],"replies":[{"embeddable":true,"href":"https:\/\/www.espacoamazonico.com.br\/index.php?rest_route=%2Fwp%2Fv2%2Fcomments&post=887"}],"version-history":[{"count":2,"href":"https:\/\/www.espacoamazonico.com.br\/index.php?rest_route=\/wp\/v2\/posts\/887\/revisions"}],"predecessor-version":[{"id":932,"href":"https:\/\/www.espacoamazonico.com.br\/index.php?rest_route=\/wp\/v2\/posts\/887\/revisions\/932"}],"wp:attachment":[{"href":"https:\/\/www.espacoamazonico.com.br\/index.php?rest_route=%2Fwp%2Fv2%2Fmedia&parent=887"}],"wp:term":[{"taxonomy":"category","embeddable":true,"href":"https:\/\/www.espacoamazonico.com.br\/index.php?rest_route=%2Fwp%2Fv2%2Fcategories&post=887"},{"taxonomy":"post_tag","embeddable":true,"href":"https:\/\/www.espacoamazonico.com.br\/index.php?rest_route=%2Fwp%2Fv2%2Ftags&post=887"}],"curies":[{"name":"wp","href":"https:\/\/api.w.org\/{rel}","templated":true}]}}